{"id":213238,"date":"2026-09-04T16:18:20","date_gmt":"2026-09-04T19:18:20","guid":{"rendered":"https:\/\/roteironoticias.com.br\/?p=213238"},"modified":"2026-09-04T16:18:25","modified_gmt":"2026-09-04T19:18:25","slug":"lula-tem-conversa-reservada-com-fachin-e-gonet-sobre-crise-no-stf","status":"publish","type":"post","link":"https:\/\/roteironoticias.com.br\/index.php\/2026\/09\/04\/lula-tem-conversa-reservada-com-fachin-e-gonet-sobre-crise-no-stf\/","title":{"rendered":"Lula tem conversa reservada com Fachin e Gonet sobre crise no STF"},"content":{"rendered":"\n<p class=\"wp-block-paragraph\"><em>Conversa de Lula com Edson Fachin e Paulo Gonet ocorreu na manh\u00e3 desta sexta-feira (4\/9), no Pal\u00e1cio do Planalto, antes de evento oficial<\/em><\/p>\n\n\n\n<p class=\"wp-block-paragraph\">O presidente\u00a0<a href=\"https:\/\/www.metropoles.com\/tag\/lula\" target=\"_blank\" rel=\"noopener\">Lula<\/a>\u00a0teve conversa reservada com o presidente do STF,\u00a0<a href=\"https:\/\/www.metropoles.com\/tag\/edson-fachin\" target=\"_blank\" rel=\"noopener\">Edson Fachin<\/a>, e o procurador-geral da Rep\u00fablica,\u00a0<a href=\"https:\/\/www.metropoles.com\/tag\/paulo-gonet\" target=\"_blank\" rel=\"noopener\">Paulo Gonet<\/a>, na manh\u00e3 desta sexta-feira (4\/9), no Pal\u00e1cio do Planalto. O encontro aconteceu no gabinete de Lula, no terceiro andar do Planalto, e contou ainda com a presen\u00e7a dos ministros Jorge Messias (AGU) e Wellington C\u00e9sar Lima e Silva (Justi\u00e7a).<\/p>\n\n\n\n<p class=\"wp-block-paragraph\">A conversa reservada, segundo apurou a coluna, ocorreu antes da cerim\u00f4nia de san\u00e7\u00e3o, pelo presidente da Rep\u00fablica, de medidas relacionadas a fundos do sistema de Justi\u00e7a. Na reuni\u00e3o,\u00a0Lula ressaltou os pronunciamentos sobre a crise feitos por ele e por Fachin no dia anterior e pediu que o presidente do STF e Gonet deem resposta \u201cequilibrada\u201d para a crise.<\/p>\n\n\n\n<p class=\"wp-block-paragraph\">Por <a href=\"https:\/\/www.metropoles.com\/author\/igor-gadelha\">Igor Gadelha<\/a><\/p>\n\n\n\n<figure class=\"wp-block-image size-full\"><img loading=\"lazy\" decoding=\"async\" width=\"1012\" height=\"538\" src=\"https:\/\/roteironoticias.com.br\/wp-content\/uploads\/2026\/09\/Anotacao-2026-09-04-151829.png\" alt=\"\" class=\"wp-image-213239\" srcset=\"https:\/\/roteironoticias.com.br\/wp-content\/uploads\/2026\/09\/Anotacao-2026-09-04-151829.png 1012w, https:\/\/roteironoticias.com.br\/wp-content\/uploads\/2026\/09\/Anotacao-2026-09-04-151829-300x159.png 300w, https:\/\/roteironoticias.com.br\/wp-content\/uploads\/2026\/09\/Anotacao-2026-09-04-151829-767x408.png 767w\" sizes=\"auto, (max-width: 1012px) 100vw, 1012px\" \/><\/figure>\n","protected":false},"excerpt":{"rendered":"<p>Conversa de Lula com Edson Fachin e Paulo Gonet ocorreu na manh\u00e3 desta sexta-feira (4\/9),<\/p>\n","protected":false},"author":2,"featured_media":213240,"comment_status":"closed","ping_status":"open","sticky":false,"template":"","format":"standard","meta":{"footnotes":""},"categories":[6],"tags":[],"class_list":["post-213238","post","type-post","status-publish","format-standard","has-post-thumbnail","hentry","category-politica"],"_links":{"self":[{"href":"https:\/\/roteironoticias.com.br\/index.php\/wp-json\/wp\/v2\/posts\/213238","targetHints":{"allow":["GET"]}}],"collection":[{"href":"https:\/\/roteironoticias.com.br\/index.php\/wp-json\/wp\/v2\/posts"}],"about":[{"href":"https:\/\/roteironoticias.com.br\/index.php\/wp-json\/wp\/v2\/types\/post"}],"author":[{"embeddable":true,"href":"https:\/\/roteironoticias.com.br\/index.php\/wp-json\/wp\/v2\/users\/2"}],"replies":[{"embeddable":true,"href":"https:\/\/roteironoticias.com.br\/index.php\/wp-json\/wp\/v2\/comments?post=213238"}],"version-history":[{"count":1,"href":"https:\/\/roteironoticias.com.br\/index.php\/wp-json\/wp\/v2\/posts\/213238\/revisions"}],"predecessor-version":[{"id":213241,"href":"https:\/\/roteironoticias.com.br\/index.php\/wp-json\/wp\/v2\/posts\/213238\/revisions\/213241"}],"wp:featuredmedia":[{"embeddable":true,"href":"https:\/\/roteironoticias.com.br\/index.php\/wp-json\/wp\/v2\/media\/213240"}],"wp:attachment":[{"href":"https:\/\/roteironoticias.com.br\/index.php\/wp-json\/wp\/v2\/media?parent=213238"}],"wp:term":[{"taxonomy":"category","embeddable":true,"href":"https:\/\/roteironoticias.com.br\/index.php\/wp-json\/wp\/v2\/categories?post=213238"},{"taxonomy":"post_tag","embeddable":true,"href":"https:\/\/roteironoticias.com.br\/index.php\/wp-json\/wp\/v2\/tags?post=213238"}],"curies":[{"name":"wp","href":"https:\/\/api.w.org\/{rel}","templated":true}]}}