{"id":213234,"date":"2026-09-04T11:23:52","date_gmt":"2026-09-04T14:23:52","guid":{"rendered":"https:\/\/roteironoticias.com.br\/?p=213234"},"modified":"2026-09-04T11:23:56","modified_gmt":"2026-09-04T14:23:56","slug":"213234","status":"publish","type":"post","link":"https:\/\/roteironoticias.com.br\/index.php\/2026\/09\/04\/213234\/","title":{"rendered":""},"content":{"rendered":"\n<p class=\"wp-block-paragraph\"><em>O candidato ao Governo de Mato Grosso, Wellington Fagundes, voltou a questionar durante coletiva de imprensa realizada nesta quinta-feira (3), no Cenarium Rural, em Cuiab\u00e1, a situa\u00e7\u00e3o jur\u00eddica de seu advers\u00e1rio na disputa, Otaviano Pivetta<\/em><\/p>\n\n\n\n<p class=\"wp-block-paragraph\">Ao comentar o cen\u00e1rio eleitoral, Wellington afirmou que Pivetta estaria concorrendo sub judice em raz\u00e3o de uma condena\u00e7\u00e3o pelo Tribunal de Contas da Uni\u00e3o (TCU). Segundo o candidato, a mesma quest\u00e3o teria levado o advers\u00e1rio a ser barrado pelo Tribunal Regional Eleitoral (TRE) quando disputou uma elei\u00e7\u00e3o em Lucas do Rio Verde. \u201cEle \u00e9 ficha suja porque foi condenado pelo TCU. E por esse mesmo motivo, ele foi barrado pelo TRE quando disputou a elei\u00e7\u00e3o em Lucas do Rio Verde. Agora ele est\u00e1 disputando a elei\u00e7\u00e3o sub judice pelo mesmo motivo\u201d, afirmou Wellington.<\/p>\n\n\n\n<p class=\"wp-block-paragraph\">A declara\u00e7\u00e3o ocorreu durante a coletiva concedida ap\u00f3s a participa\u00e7\u00e3o do candidato em uma sabatina com representantes do setor produtivo e do agroneg\u00f3cio. Wellington tamb\u00e9m afirmou que caber\u00e1 \u00e0 sua equipe jur\u00eddica acompanhar a situa\u00e7\u00e3o e avaliar eventuais medidas relacionadas ao processo eleitoral.<\/p>\n\n\n\n<p class=\"wp-block-paragraph\">Wellington tamb\u00e9m afirmou que n\u00e3o responde a processos e nunca foi condenado, colocando sua trajet\u00f3ria pol\u00edtica como contraponto \u00e0s acusa\u00e7\u00f5es feitas contra seu advers\u00e1rio. \u201cEu n\u00e3o respondo a nenhum processo e nunca fui condenado a nada. Qualquer erro meu, eu tenho responsabilidade de responder\u201d, declarou.<\/p>\n\n\n\n<p class=\"wp-block-paragraph\">Da Reda\u00e7\u00e3o<\/p>\n\n\n\n<p class=\"wp-block-paragraph\"><\/p>\n","protected":false},"excerpt":{"rendered":"<p>O candidato ao Governo de Mato Grosso, Wellington Fagundes, voltou a questionar durante coletiva de<\/p>\n","protected":false},"author":2,"featured_media":213235,"comment_status":"closed","ping_status":"open","sticky":false,"template":"","format":"standard","meta":{"footnotes":""},"categories":[6],"tags":[],"class_list":["post-213234","post","type-post","status-publish","format-standard","has-post-thumbnail","hentry","category-politica"],"_links":{"self":[{"href":"https:\/\/roteironoticias.com.br\/index.php\/wp-json\/wp\/v2\/posts\/213234","targetHints":{"allow":["GET"]}}],"collection":[{"href":"https:\/\/roteironoticias.com.br\/index.php\/wp-json\/wp\/v2\/posts"}],"about":[{"href":"https:\/\/roteironoticias.com.br\/index.php\/wp-json\/wp\/v2\/types\/post"}],"author":[{"embeddable":true,"href":"https:\/\/roteironoticias.com.br\/index.php\/wp-json\/wp\/v2\/users\/2"}],"replies":[{"embeddable":true,"href":"https:\/\/roteironoticias.com.br\/index.php\/wp-json\/wp\/v2\/comments?post=213234"}],"version-history":[{"count":1,"href":"https:\/\/roteironoticias.com.br\/index.php\/wp-json\/wp\/v2\/posts\/213234\/revisions"}],"predecessor-version":[{"id":213236,"href":"https:\/\/roteironoticias.com.br\/index.php\/wp-json\/wp\/v2\/posts\/213234\/revisions\/213236"}],"wp:featuredmedia":[{"embeddable":true,"href":"https:\/\/roteironoticias.com.br\/index.php\/wp-json\/wp\/v2\/media\/213235"}],"wp:attachment":[{"href":"https:\/\/roteironoticias.com.br\/index.php\/wp-json\/wp\/v2\/media?parent=213234"}],"wp:term":[{"taxonomy":"category","embeddable":true,"href":"https:\/\/roteironoticias.com.br\/index.php\/wp-json\/wp\/v2\/categories?post=213234"},{"taxonomy":"post_tag","embeddable":true,"href":"https:\/\/roteironoticias.com.br\/index.php\/wp-json\/wp\/v2\/tags?post=213234"}],"curies":[{"name":"wp","href":"https:\/\/api.w.org\/{rel}","templated":true}]}}