{"id":213214,"date":"2026-09-03T15:18:38","date_gmt":"2026-09-03T18:18:38","guid":{"rendered":"https:\/\/roteironoticias.com.br\/?p=213214"},"modified":"2026-09-03T15:18:43","modified_gmt":"2026-09-03T18:18:43","slug":"pedro-castro-celebra-numeros-ve-crb-em-crescimento-na-serie-b-mas-pede-pensamento-jogo-a-jogo","status":"publish","type":"post","link":"https:\/\/roteironoticias.com.br\/index.php\/2026\/09\/03\/pedro-castro-celebra-numeros-ve-crb-em-crescimento-na-serie-b-mas-pede-pensamento-jogo-a-jogo\/","title":{"rendered":"Pedro Castro celebra n\u00fameros, v\u00ea CRB em crescimento na S\u00e9rie B, mas pede \u2018pensamento jogo a jogo\u2019"},"content":{"rendered":"\n<p class=\"wp-block-paragraph\">Se tem jogo do CRB na S\u00e9rie B do Brasileir\u00e3o, \u00e9 quase certo que Pedro Castro estar\u00e1 em a\u00e7\u00e3o. Presente em 24 dos 25 compromissos do time alagoano na competi\u00e7\u00e3o, o meio-campista \u00e9 um dos destaques da equipe que vem subindo bastante na tabela de classifica\u00e7\u00e3o.<\/p>\n\n\n\n<p class=\"wp-block-paragraph\">Titular nos \u00faltimos nove compromissos, ele viu o CRB ter apenas uma derrota no per\u00edodo, com dois empates e seis vit\u00f3rias. A sequ\u00eancia positiva fez o Galo estar hoje na sexta posi\u00e7\u00e3o, com 39 pontos. O meio-campista celebra a boa fase individual e coletiva.<\/p>\n\n\n\n<p class=\"wp-block-paragraph\">\u201cTemos um grupo extremamente trabalhador e isso vem fazendo a diferen\u00e7a. N\u00e3o \u00e9 \u00e0 toa que os resultados est\u00e3o aparecendo. Isso \u00e9 fruto do trabalho que desenvolvemos dia ap\u00f3s dia. Mas \u00e9 preciso manter o p\u00e9 no ch\u00e3o e continuar trabalhando com humildade, foco e pensamento jogo a jogo\u201d, afirmou o jogador, j\u00e1 com 41 compromissos totais no ano.<\/p>\n\n\n\n<p class=\"wp-block-paragraph\">Se o assunto \u00e9 subir para a S\u00e9rie A do Brasileir\u00e3o, Pedro Castro tem conhecimento. S\u00e3o cinco acessos no total durante a carreira: subiu com Santa Cruz, Ava\u00ed, Botafogo, Cruzeiro e na temporada passada com o Remo. O pr\u00f3ximo compromisso do CRB \u00e9 nesta sexta-feira, diante do Am\u00e9rica Mineiro, em casa.<\/p>\n\n\n\n<p class=\"wp-block-paragraph\">\u201cSexta contra o Am\u00e9rica ser\u00e1 mais uma final para n\u00f3s, \u00e9 assim que temos encarado nosso jogos. Temos mais um advers\u00e1rio de tradi\u00e7\u00e3o pela frente e sabemos que \u00e9 preciso fazer nosso melhor. Contamos tamb\u00e9m com o apoio do nosso torcedor que vem sendo muito importante\u201d, finalizou o meio-campista, campe\u00e3o alagoano esse ano pelo Galo.<\/p>\n\n\n\n<p class=\"wp-block-paragraph\">O duelo entre CRB e Am\u00e9rica-MG est\u00e1 confirmado para as 21h30 da pr\u00f3xima sexta, no Rei Pel\u00e9.<\/p>\n\n\n\n<p class=\"wp-block-paragraph\">Da Assessoria<\/p>\n","protected":false},"excerpt":{"rendered":"<p>Se tem jogo do CRB na S\u00e9rie B do Brasileir\u00e3o, \u00e9 quase certo que Pedro<\/p>\n","protected":false},"author":2,"featured_media":213215,"comment_status":"closed","ping_status":"open","sticky":false,"template":"","format":"standard","meta":{"footnotes":""},"categories":[3],"tags":[],"class_list":["post-213214","post","type-post","status-publish","format-standard","has-post-thumbnail","hentry","category-esportes"],"_links":{"self":[{"href":"https:\/\/roteironoticias.com.br\/index.php\/wp-json\/wp\/v2\/posts\/213214","targetHints":{"allow":["GET"]}}],"collection":[{"href":"https:\/\/roteironoticias.com.br\/index.php\/wp-json\/wp\/v2\/posts"}],"about":[{"href":"https:\/\/roteironoticias.com.br\/index.php\/wp-json\/wp\/v2\/types\/post"}],"author":[{"embeddable":true,"href":"https:\/\/roteironoticias.com.br\/index.php\/wp-json\/wp\/v2\/users\/2"}],"replies":[{"embeddable":true,"href":"https:\/\/roteironoticias.com.br\/index.php\/wp-json\/wp\/v2\/comments?post=213214"}],"version-history":[{"count":1,"href":"https:\/\/roteironoticias.com.br\/index.php\/wp-json\/wp\/v2\/posts\/213214\/revisions"}],"predecessor-version":[{"id":213216,"href":"https:\/\/roteironoticias.com.br\/index.php\/wp-json\/wp\/v2\/posts\/213214\/revisions\/213216"}],"wp:featuredmedia":[{"embeddable":true,"href":"https:\/\/roteironoticias.com.br\/index.php\/wp-json\/wp\/v2\/media\/213215"}],"wp:attachment":[{"href":"https:\/\/roteironoticias.com.br\/index.php\/wp-json\/wp\/v2\/media?parent=213214"}],"wp:term":[{"taxonomy":"category","embeddable":true,"href":"https:\/\/roteironoticias.com.br\/index.php\/wp-json\/wp\/v2\/categories?post=213214"},{"taxonomy":"post_tag","embeddable":true,"href":"https:\/\/roteironoticias.com.br\/index.php\/wp-json\/wp\/v2\/tags?post=213214"}],"curies":[{"name":"wp","href":"https:\/\/api.w.org\/{rel}","templated":true}]}}