{"id":213182,"date":"2026-09-03T10:33:26","date_gmt":"2026-09-03T13:33:26","guid":{"rendered":"https:\/\/roteironoticias.com.br\/?p=213182"},"modified":"2026-09-03T10:33:28","modified_gmt":"2026-09-03T13:33:28","slug":"sebrae-mt-estara-realizando-em-guaranta-do-norte-uma-palestra-com-o-tema-o-poder-do-comportamento-empreendedor","status":"publish","type":"post","link":"https:\/\/roteironoticias.com.br\/index.php\/2026\/09\/03\/sebrae-mt-estara-realizando-em-guaranta-do-norte-uma-palestra-com-o-tema-o-poder-do-comportamento-empreendedor\/","title":{"rendered":"Sebrae\/MT estar\u00e1 realizando em Guarant\u00e3 do Norte uma palestra com o tema \u201cO Poder do Comportamento Empreendedor\u201d"},"content":{"rendered":"\n<p class=\"wp-block-paragraph\"><em>Evento gratuito re\u00fane empres\u00e1rios para discutir lideran\u00e7a, tomada de decis\u00e3o, inova\u00e7\u00e3o e atitudes que contribuem para o desempenho dos neg\u00f3cios<\/em><\/p>\n\n\n\n<p class=\"wp-block-paragraph\">Empreender vai al\u00e9m de transformar uma boa ideia em neg\u00f3cio. As atitudes adotadas no dia a dia, a capacidade de tomar decis\u00f5es, assumir riscos e buscar oportunidades tamb\u00e9m s\u00e3o determinantes para o desenvolvimento e a sustentabilidade de uma empresa.<\/p>\n\n\n\n<p class=\"wp-block-paragraph\">\u00c9 com essa perspectiva que o Servi\u00e7o de Apoio \u00e0s Micro e Pequenas Empresas em Mato Grosso (Sebrae\/MT) realiza, no dia 10 de setembro, em Guarant\u00e3 do Norte\/MT, a palestra \u201cO Poder do Comportamento Empreendedor\u201d, e ter\u00e1 como palestrante a administradora e mentora de neg\u00f3cios Mia M\u00f4naco.<\/p>\n\n\n\n<p class=\"wp-block-paragraph\">.Durante a palestra, os participantes conhecer\u00e3o os 10 comportamentos empreendedores relacionados ao desempenho de empres\u00e1rios de alta performance. A proposta \u00e9 mostrar como essas caracter\u00edsticas podem influenciar aspectos como lideran\u00e7a, inova\u00e7\u00e3o, planejamento, tomada de decis\u00e3o e busca por resultados.<\/p>\n\n\n\n<p class=\"wp-block-paragraph\">A Palestra ser\u00e1 realizada no audit\u00f3rio da ACEG, com in\u00edcio \u00e0s 19h. Garanta sua vaga pelo link: <\/p>\n\n\n\n<p class=\"wp-block-paragraph\"><a href=\"https:\/\/mt.loja.sebrae.com.br\/palestra-o-poder-do-comportamento-empreendedor-ev-796632\" class=\"rank-math-link\">https:\/\/mt.loja.sebrae.com.br\/palestra-o-poder-do-comportamento-empreendedor-ev-796632<\/a><\/p>\n\n\n\n<p class=\"wp-block-paragraph\">As vagas s\u00e3o gratuitas e limitadas.<\/p>\n\n\n\n<p class=\"wp-block-paragraph\"><strong><em>Por C\u00e9lio Ribeiro\/Roteiro Not\u00edcias<\/em><\/strong><\/p>\n\n\n\n<figure class=\"wp-block-image size-large\"><img loading=\"lazy\" decoding=\"async\" width=\"819\" height=\"1024\" src=\"https:\/\/roteironoticias.com.br\/wp-content\/uploads\/2026\/09\/WhatsApp-Image-2026-09-03-at-07.38.52-819x1024.jpeg\" alt=\"\" class=\"wp-image-213183\" srcset=\"https:\/\/roteironoticias.com.br\/wp-content\/uploads\/2026\/09\/WhatsApp-Image-2026-09-03-at-07.38.52-819x1024.jpeg 819w, https:\/\/roteironoticias.com.br\/wp-content\/uploads\/2026\/09\/WhatsApp-Image-2026-09-03-at-07.38.52-240x300.jpeg 240w, https:\/\/roteironoticias.com.br\/wp-content\/uploads\/2026\/09\/WhatsApp-Image-2026-09-03-at-07.38.52-768x960.jpeg 768w, https:\/\/roteironoticias.com.br\/wp-content\/uploads\/2026\/09\/WhatsApp-Image-2026-09-03-at-07.38.52.jpeg 1080w\" sizes=\"auto, (max-width: 819px) 100vw, 819px\" \/><\/figure>\n","protected":false},"excerpt":{"rendered":"<p>Evento gratuito re\u00fane empres\u00e1rios para discutir lideran\u00e7a, tomada de decis\u00e3o, inova\u00e7\u00e3o e atitudes que contribuem<\/p>\n","protected":false},"author":2,"featured_media":213184,"comment_status":"closed","ping_status":"open","sticky":false,"template":"","format":"standard","meta":{"footnotes":""},"categories":[14,37],"tags":[],"class_list":["post-213182","post","type-post","status-publish","format-standard","has-post-thumbnail","hentry","category-cidades","category-regionais"],"_links":{"self":[{"href":"https:\/\/roteironoticias.com.br\/index.php\/wp-json\/wp\/v2\/posts\/213182","targetHints":{"allow":["GET"]}}],"collection":[{"href":"https:\/\/roteironoticias.com.br\/index.php\/wp-json\/wp\/v2\/posts"}],"about":[{"href":"https:\/\/roteironoticias.com.br\/index.php\/wp-json\/wp\/v2\/types\/post"}],"author":[{"embeddable":true,"href":"https:\/\/roteironoticias.com.br\/index.php\/wp-json\/wp\/v2\/users\/2"}],"replies":[{"embeddable":true,"href":"https:\/\/roteironoticias.com.br\/index.php\/wp-json\/wp\/v2\/comments?post=213182"}],"version-history":[{"count":1,"href":"https:\/\/roteironoticias.com.br\/index.php\/wp-json\/wp\/v2\/posts\/213182\/revisions"}],"predecessor-version":[{"id":213185,"href":"https:\/\/roteironoticias.com.br\/index.php\/wp-json\/wp\/v2\/posts\/213182\/revisions\/213185"}],"wp:featuredmedia":[{"embeddable":true,"href":"https:\/\/roteironoticias.com.br\/index.php\/wp-json\/wp\/v2\/media\/213184"}],"wp:attachment":[{"href":"https:\/\/roteironoticias.com.br\/index.php\/wp-json\/wp\/v2\/media?parent=213182"}],"wp:term":[{"taxonomy":"category","embeddable":true,"href":"https:\/\/roteironoticias.com.br\/index.php\/wp-json\/wp\/v2\/categories?post=213182"},{"taxonomy":"post_tag","embeddable":true,"href":"https:\/\/roteironoticias.com.br\/index.php\/wp-json\/wp\/v2\/tags?post=213182"}],"curies":[{"name":"wp","href":"https:\/\/api.w.org\/{rel}","templated":true}]}}