{"id":213148,"date":"2026-09-02T16:03:57","date_gmt":"2026-09-02T19:03:57","guid":{"rendered":"https:\/\/roteironoticias.com.br\/?p=213148"},"modified":"2026-09-02T16:04:03","modified_gmt":"2026-09-02T19:04:03","slug":"rock-in-rio-2026-tendencias-e-dicas-de-maquiagem-para-curtir-a-maratona-de-shows-na-cidade-do-rock","status":"publish","type":"post","link":"https:\/\/roteironoticias.com.br\/index.php\/2026\/09\/02\/rock-in-rio-2026-tendencias-e-dicas-de-maquiagem-para-curtir-a-maratona-de-shows-na-cidade-do-rock\/","title":{"rendered":"Rock in Rio 2026: tend\u00eancias e dicas de maquiagem para curtir \u00e0 maratona de shows na Cidade do Rock"},"content":{"rendered":"\n<p class=\"wp-block-paragraph\"><em>Marca oficial de maquiagem do festival, Natura Faces re\u00fane truques e combina\u00e7\u00f5es para explorar diferentes possibilidades de beleza durante os sete dias de shows<\/em><\/p>\n\n\n\n<p class=\"wp-block-paragraph\">Mais uma edi\u00e7\u00e3o do Rock in Rio est\u00e1 chegando, e os sete dias de shows tamb\u00e9m s\u00e3o uma oportunidade para experimentar diferentes possibilidades de beleza. Como marca oficial de maquiagem do festival em 2026, Natura Faces re\u00fane dicas de make para acompanhar a energia da Cidade do Rock, com produtos multifuncionais que permitem criar diferentes propostas de visual.<\/p>\n\n\n\n<p class=\"wp-block-paragraph\">Com um line up diverso, o festival tamb\u00e9m se transforma em um espa\u00e7o para explorar tend\u00eancias de beleza. Da est\u00e9tica clean girl, com pele iluminada e tons naturais, \u00e0s produ\u00e7\u00f5es mais marcantes, com cores, delineados e combina\u00e7\u00f5es criativas, a maquiagem acompanha o estilo de cada pessoa e abre espa\u00e7o para novas interpreta\u00e7\u00f5es.<\/p>\n\n\n\n<h3 class=\"wp-block-heading\"><a><\/a><strong>Clean Girl ou Messy Girl? Por que escolher uma s\u00f3?<\/strong><\/h3>\n\n\n\n<h3 class=\"wp-block-heading\"><a><\/a>Nas redes sociais, as est\u00e9ticas clean girl e messy girl ganharam for\u00e7a ao representar propostas distintas de beleza: enquanto uma valoriza pele iluminada, tons suaves e um visual natural, a outra aposta em cores, texturas e produ\u00e7\u00f5es mais desconstru\u00eddas. No festival, n\u00e3o \u00e9 preciso escolher apenas um caminho, a maquiagem pode mudar conforme o mood de cada show.<\/h3>\n\n\n\n<h3 class=\"wp-block-heading\">Para quem busca praticidade sem abrir m\u00e3o da produ\u00e7\u00e3o, o <strong>Gloss Chaveiro<\/strong> \u00e9 o destaque. Compacto e f\u00e1cil de carregar, o produto acompanha a rotina e \u00e9 uma op\u00e7\u00e3o especialmente pr\u00e1tica para levar na bolsa durante festivais e eventos, permitindo retocar a maquiagem ao longo do dia.<\/h3>\n\n\n\n<h3 class=\"wp-block-heading\"><a><\/a>Para uma produ\u00e7\u00e3o mais fresh, o <strong>Batom Cremoso Faces<\/strong>, dispon\u00edvel em 13 tons, tamb\u00e9m permite explorar diferentes propostas, dos nudes e rosados aos vermelhos e outras cores vibrantes. Com acabamento cremoso, o produto pode ser usado nos l\u00e1bios e tamb\u00e9m nas ma\u00e7\u00e3s do rosto, refor\u00e7ando sua <strong>multifuncionalidade<\/strong> e criando um visual monocrom\u00e1tico.<\/h3>\n\n\n\n<h3 class=\"wp-block-heading\"><a><\/a>O <a href=\"https:\/\/www.natura.com.br\/p\/blush-compacto-matte-faces-28g\/NATBRA-209243\">Blush Compacto Matte Faces<\/a> tamb\u00e9m permite explorar diferentes looks: Apple Bloom, em tom rosado, traz mais destaque para a produ\u00e7\u00e3o; Berry Fever, com fundo roxo queimado, adicionando profundidade ao visual; enquanto Sunset, em coral, combina com uma maquiagem de tons quentes. O produto \u00e9 multifuncional e ainda pode ser usado nas p\u00e1lpebras como sombra para um visual monocrom\u00e1tico.<\/h3>\n\n\n\n<h3 class=\"wp-block-heading\"><strong>Destaque para olhos<\/strong><\/h3>\n\n\n\n<p class=\"wp-block-paragraph\">Para os olhos, o festival \u00e9 o convite perfeito para sair do tradicional e explorar uma make mais ousada nos olhos.&nbsp; O delineado gr\u00e1fico e gatinho seguem como algumas das tend\u00eancias de beleza, e a Caneta Delineadora Faces permite criar desde tra\u00e7os cl\u00e1ssicos at\u00e9 desenhos mais criativos. Com f\u00f3rmula \u00e0 prova d\u2019\u00e1gua, suor e l\u00e1grimas, o produto \u00e9 seu aliado na make durante a maratona de shows.<\/p>\n\n\n\n<p class=\"wp-block-paragraph\">Para finalizar o olhar, a M\u00e1scara para c\u00edlios <a href=\"https:\/\/www.natura.com.br\/p\/mascara-para-cilios-volume-fever-faces-7ml\/NATBRA-216703?position=1&amp;listTitle=search+suggest+showcase\">Volume Fever<\/a> entrega volume, enquanto a Megafant\u00e1stica destaca alongamento e curvatura \u2014 ambas com dura\u00e7\u00e3o de at\u00e9 24 horas. A M\u00e1scara Para C\u00edlios e Sobrancelha Incolor completa a maquiagem ao pentear e modelar as sobrancelhas para aproveitar o festival sem se preocupar com retoques.<\/p>\n\n\n\n<h3 class=\"wp-block-heading\"><a><\/a><strong>Lip combo: a tend\u00eancia que transforma os l\u00e1bios<\/strong><\/h3>\n\n\n\n<p class=\"wp-block-paragraph\">No \u00faltimo ano, o lip combo conquistou espa\u00e7o para ficar e dessa vez n\u00e3o seria diferente, a combina\u00e7\u00e3o entre l\u00e1pis labial, batom e&nbsp; gloss (ou tudo junto) permite criar diferentes acabamentos: do contorno discreto, com ao contraste de tons para uma produ\u00e7\u00e3o mais marcante.<\/p>\n\n\n\n<p class=\"wp-block-paragraph\">Para uma produ\u00e7\u00e3o mais discreta, os <strong>L\u00e1pis Labial Faces<\/strong> nas cores <strong>Hey Honey<\/strong> e <strong>Cookie Nude<\/strong> ajudam a definir e valorizar o contorno dos l\u00e1bios, criando uma base vers\u00e1til para diferentes combina\u00e7\u00f5es.<\/p>\n\n\n\n<p class=\"wp-block-paragraph\">Nos tons mais intensos, o <strong>Red Love<\/strong>, em vermelho, traz protagonismo \u00e0 boca e pode ser usado sozinho ou combinado com outros produtos. J\u00e1 o <strong>Chocolate Mousse<\/strong>, em marrom frio, permite explorar diferentes acabamentos, do contorno mais definido ao efeito degrad\u00ea, ampliando as possibilidades dentro da tend\u00eancia de lip combo.<\/p>\n\n\n\n<p class=\"wp-block-paragraph\">No Rock in Rio, a maquiagem acompanha diferentes estilos e momentos. Entre produ\u00e7\u00f5es minimalistas e visuais expressivos, Natura Faces convida o p\u00fablico a experimentar novas combina\u00e7\u00f5es e encontrar sua pr\u00f3pria vers\u00e3o de beleza na Cidade do Rock.<\/p>\n\n\n\n<p class=\"wp-block-paragraph\"><strong>Confira os produtos:<\/strong><\/p>\n\n\n\n<figure class=\"wp-block-image size-full\"><img loading=\"lazy\" decoding=\"async\" width=\"232\" height=\"263\" src=\"https:\/\/roteironoticias.com.br\/wp-content\/uploads\/2026\/09\/image-2.png\" alt=\"\" class=\"wp-image-213149\"\/><\/figure>\n\n\n\n<p class=\"wp-block-paragraph\"><a href=\"https:\/\/www.natura.com.br\/p\/gloss-chaveiro-faces-4g\/NATBRA-211663?position=2&amp;listTitle=tab+showcase+-+conhe%C3%A7a+a+linha+completa\"><strong>Gloss Chaveiro Faces \u2013 R$ 72,90<\/strong><\/a><\/p>\n\n\n\n<p class=\"wp-block-paragraph\">O grande destaque da nova Faces, o Gloss Chaveiro transforma a maquiagem em um acess\u00f3rio de estilo. Inspirado na tend\u00eancia dos <em>bag charms<\/em>, combina brilho intenso, hidrata\u00e7\u00e3o por at\u00e9 24 horas e um aplicador jumbo em uma embalagem desenvolvida para acompanhar bolsas, mochilas e chaveiros. Dispon\u00edvel em duas tonalidades, o lan\u00e7amento refor\u00e7a a proposta da marca de unir praticidade, desejo e autoexpress\u00e3o.<\/p>\n\n\n\n<figure class=\"wp-block-image size-full\"><img loading=\"lazy\" decoding=\"async\" width=\"152\" height=\"252\" src=\"https:\/\/roteironoticias.com.br\/wp-content\/uploads\/2026\/09\/image-3.png\" alt=\"\" class=\"wp-image-213150\"\/><\/figure>\n\n\n\n<h3 class=\"wp-block-heading\"><a href=\"https:\/\/www.natura.com.br\/p\/batom-cremoso-faces-35g\/NATBRA-216453?position=1&amp;listTitle=tab+showcase+-+conhe%C3%A7a+a+linha+completa\"><strong>Batom Cremoso Faces \u2013 R$ 24,90<\/strong><\/a><strong><\/strong><\/h3>\n\n\n\n<p class=\"wp-block-paragraph\">Com cobertura uniforme, textura cremosa e hidrata\u00e7\u00e3o por at\u00e9 24 horas, o Batom Cremoso Faces entrega multifuncionalidade e l\u00e1bios macios para diferentes ocasi\u00f5es. Dispon\u00edvel em 13 tonalidades, permite criar combina\u00e7\u00f5es que acompanham diferentes estilos e formas de express\u00e3o.<\/p>\n\n\n\n<figure class=\"wp-block-image size-full\"><img loading=\"lazy\" decoding=\"async\" width=\"197\" height=\"339\" src=\"https:\/\/roteironoticias.com.br\/wp-content\/uploads\/2026\/09\/image-4.png\" alt=\"\" class=\"wp-image-213151\" srcset=\"https:\/\/roteironoticias.com.br\/wp-content\/uploads\/2026\/09\/image-4.png 197w, https:\/\/roteironoticias.com.br\/wp-content\/uploads\/2026\/09\/image-4-174x300.png 174w\" sizes=\"auto, (max-width: 197px) 100vw, 197px\" \/><\/figure>\n\n\n\n<h3 class=\"wp-block-heading\"><a href=\"https:\/\/www.natura.com.br\/p\/lapis-labial-faces-11g\/NATBRA-209257?position=3&amp;listTitle=tab+showcase+-+conhe%C3%A7a+a+linha+completa\"><strong>L\u00e1pis Labial Faces \u2013 R$ 42,90<\/strong><\/a><strong><\/strong><\/h3>\n\n\n\n<p class=\"wp-block-paragraph\">Ideal para definir, contornar ou preencher os l\u00e1bios, o L\u00e1pis Labial Faces possui textura cremosa e alta pigmenta\u00e7\u00e3o, garantindo um tra\u00e7o preciso na aplica\u00e7\u00e3o. Dispon\u00edvel em quatro tonalidades, pode ser usado sozinho ou em lip combos.<\/p>\n\n\n\n<figure class=\"wp-block-image size-full\"><img loading=\"lazy\" decoding=\"async\" width=\"173\" height=\"248\" src=\"https:\/\/roteironoticias.com.br\/wp-content\/uploads\/2026\/09\/image-5.png\" alt=\"\" class=\"wp-image-213152\"\/><\/figure>\n\n\n\n<p class=\"wp-block-paragraph\"><a href=\"https:\/\/www.natura.com.br\/p\/blush-compacto-matte-faces-28g\/NATBRA-209243\"><strong>Blush Compacto Matte Faces &#8211; R$ 69,90<\/strong><\/a><strong><\/strong><\/p>\n\n\n\n<p class=\"wp-block-paragraph\">Com textura fina e acabamento matte, o Blush Compacto Faces permite construir camadas de cor com facilidade. O produto traz uma proposta multifuncional, podendo ser utilizadas como blush ou sombra, trazendo alta pigmenta\u00e7\u00e3o, alta fixa\u00e7\u00e3o resistente ao calor e umidade, acompanhando diferentes propostas de maquiagem.<strong><\/strong><\/p>\n\n\n\n<figure class=\"wp-block-image size-full\"><img loading=\"lazy\" decoding=\"async\" width=\"173\" height=\"341\" src=\"https:\/\/roteironoticias.com.br\/wp-content\/uploads\/2026\/09\/image-6.png\" alt=\"\" class=\"wp-image-213153\" srcset=\"https:\/\/roteironoticias.com.br\/wp-content\/uploads\/2026\/09\/image-6.png 173w, https:\/\/roteironoticias.com.br\/wp-content\/uploads\/2026\/09\/image-6-152x300.png 152w\" sizes=\"auto, (max-width: 173px) 100vw, 173px\" \/><\/figure>\n\n\n\n<h3 class=\"wp-block-heading\"><a href=\"https:\/\/www.natura.com.br\/p\/mascara-para-cilios-volume-fever-faces-7ml\/NATBRA-216703\"><strong>M\u00e1scara para C\u00edlios Volume Fever Faces &#8211; R$56,90<\/strong><\/a><strong><\/strong><\/h3>\n\n\n\n<p class=\"wp-block-paragraph\">Desenvolvida para proporcionar efeito boost, a M\u00e1scara Volume Fever entrega mais volume, e c\u00edlios alongados desde a primeira aplica\u00e7\u00e3o, trazendo uma dura\u00e7\u00e3o de 24h.<\/p>\n\n\n\n<figure class=\"wp-block-image size-full\"><img loading=\"lazy\" decoding=\"async\" width=\"140\" height=\"360\" src=\"https:\/\/roteironoticias.com.br\/wp-content\/uploads\/2026\/09\/image-7.png\" alt=\"\" class=\"wp-image-213154\" srcset=\"https:\/\/roteironoticias.com.br\/wp-content\/uploads\/2026\/09\/image-7.png 140w, https:\/\/roteironoticias.com.br\/wp-content\/uploads\/2026\/09\/image-7-117x300.png 117w\" sizes=\"auto, (max-width: 140px) 100vw, 140px\" \/><\/figure>\n\n\n\n<p class=\"wp-block-paragraph\"><a href=\"https:\/\/www.natura.com.br\/p\/mascara-para-cilios-e-sobrancelhas-incolor-faces-7ml\/NATBRA-220914\"><strong>M\u00e1scara para C\u00edlios e Sobrancelhas Incolor Faces &#8211; R$49,90<\/strong><\/a><strong><\/strong> Vers\u00e1til e multifuncional, define, penteia e modela c\u00edlios e sobrancelhas, ideal para manter os fios no lugar, al\u00e9m de hidratar os fios por contar com Pantenol em sua composi\u00e7\u00e3o.<\/p>\n\n\n\n<figure class=\"wp-block-image size-full\"><img loading=\"lazy\" decoding=\"async\" width=\"167\" height=\"333\" src=\"https:\/\/roteironoticias.com.br\/wp-content\/uploads\/2026\/09\/image-8.png\" alt=\"\" class=\"wp-image-213155\" srcset=\"https:\/\/roteironoticias.com.br\/wp-content\/uploads\/2026\/09\/image-8.png 167w, https:\/\/roteironoticias.com.br\/wp-content\/uploads\/2026\/09\/image-8-150x300.png 150w\" sizes=\"auto, (max-width: 167px) 100vw, 167px\" \/><\/figure>\n\n\n\n<h3 class=\"wp-block-heading\"><a href=\"https:\/\/www.natura.com.br\/p\/caneta-delineadora-para-os-olhos-faces-12ml\/NATBRA-209255?position=4&amp;listTitle=category+page+list+showcase+-+faces+olhos\"><strong>Caneta Delineadora Faces R$ &#8211; 52,90<\/strong><\/a><strong><\/strong><\/h3>\n\n\n\n<p class=\"wp-block-paragraph\">Com ponta fina de alta tecnologia, garante tra\u00e7o preciso e alta pigmenta\u00e7\u00e3o para um delineado super preto desde a 1\u00aa aplica\u00e7\u00e3o. Sua f\u00f3rmula de secagem r\u00e1pida \u00e9 \u00e0 prova d&#8217;\u00e1gua, suor e l\u00e1grimas, n\u00e3o borra, n\u00e3o mancha e n\u00e3o transfere.<\/p>\n\n\n\n<figure class=\"wp-block-image size-full\"><img loading=\"lazy\" decoding=\"async\" width=\"89\" height=\"381\" src=\"https:\/\/roteironoticias.com.br\/wp-content\/uploads\/2026\/09\/image-9.png\" alt=\"\" class=\"wp-image-213156\" srcset=\"https:\/\/roteironoticias.com.br\/wp-content\/uploads\/2026\/09\/image-9.png 89w, https:\/\/roteironoticias.com.br\/wp-content\/uploads\/2026\/09\/image-9-70x300.png 70w\" sizes=\"auto, (max-width: 89px) 100vw, 89px\" \/><\/figure>\n\n\n\n<h3 class=\"wp-block-heading\"><a href=\"https:\/\/www.natura.com.br\/p\/lapis-para-olhos-faces-13g\/NATBRA-PAI209242?position=3&amp;listTitle=category+page+list+showcase+-+faces+olhos\"><strong>L\u00e1pis para Olhos Faces &#8211; R$ 39,90<\/strong><\/a><strong><\/strong><\/h3>\n\n\n\n<p class=\"wp-block-paragraph\">Dispon\u00edvel nas cores marrom e preto, possui textura macia, alta pigmenta\u00e7\u00e3o e desliza facilmente sobre a pele.<\/p>\n\n\n\n<p class=\"wp-block-paragraph\"><strong>Sobre a Natura<\/strong><\/p>\n\n\n\n<p class=\"wp-block-paragraph\">Fundada em 1969, a Natura \u00e9 uma multinacional brasileira l\u00edder em beleza e cuidados pessoais na Am\u00e9rica Latina. \u00c9 a companhia de melhor reputa\u00e7\u00e3o do Brasil e a mais respons\u00e1vel em ESG pelo ranking Merco h\u00e1 12 anos consecutivos. H\u00e1 mais de 25 anos, por meio do relacionamento com comunidades extrativistas na Amaz\u00f4nia, a Natura \u00e9 pioneira no uso cosm\u00e9tico de bioativos da sociobiodiversidade brasileira. Hoje, essa atua\u00e7\u00e3o gera benef\u00edcios para milhares de fam\u00edlias e contribui para conservar 2,2 milh\u00f5es de hectares de floresta. Os produtos da marca podem ser adquiridos atrav\u00e9s das 2,8&nbsp; milh\u00f5es de consultoras, via e-commerce, aplicativo, ou nas mais de mil lojas. Para mais informa\u00e7\u00f5es, visite <a href=\"http:\/\/www.natura.com.br\/\"><\/a><a href=\"http:\/\/www.natura.com.br\/\">www.natura.com.br<\/a>&nbsp; ou acesse os perfis da empresa nas redes sociais: LinkedIn, Facebook e Instagram <strong><\/strong><\/p>\n\n\n\n<p class=\"wp-block-paragraph\"><strong><em>Da: Ag\u00eancia in.Pacto<\/em><\/strong><\/p>\n","protected":false},"excerpt":{"rendered":"<p>Marca oficial de maquiagem do festival, Natura Faces re\u00fane truques e combina\u00e7\u00f5es para explorar diferentes<\/p>\n","protected":false},"author":2,"featured_media":213157,"comment_status":"closed","ping_status":"open","sticky":false,"template":"","format":"standard","meta":{"footnotes":""},"categories":[8],"tags":[],"class_list":["post-213148","post","type-post","status-publish","format-standard","has-post-thumbnail","hentry","category-brasil"],"_links":{"self":[{"href":"https:\/\/roteironoticias.com.br\/index.php\/wp-json\/wp\/v2\/posts\/213148","targetHints":{"allow":["GET"]}}],"collection":[{"href":"https:\/\/roteironoticias.com.br\/index.php\/wp-json\/wp\/v2\/posts"}],"about":[{"href":"https:\/\/roteironoticias.com.br\/index.php\/wp-json\/wp\/v2\/types\/post"}],"author":[{"embeddable":true,"href":"https:\/\/roteironoticias.com.br\/index.php\/wp-json\/wp\/v2\/users\/2"}],"replies":[{"embeddable":true,"href":"https:\/\/roteironoticias.com.br\/index.php\/wp-json\/wp\/v2\/comments?post=213148"}],"version-history":[{"count":2,"href":"https:\/\/roteironoticias.com.br\/index.php\/wp-json\/wp\/v2\/posts\/213148\/revisions"}],"predecessor-version":[{"id":213159,"href":"https:\/\/roteironoticias.com.br\/index.php\/wp-json\/wp\/v2\/posts\/213148\/revisions\/213159"}],"wp:featuredmedia":[{"embeddable":true,"href":"https:\/\/roteironoticias.com.br\/index.php\/wp-json\/wp\/v2\/media\/213157"}],"wp:attachment":[{"href":"https:\/\/roteironoticias.com.br\/index.php\/wp-json\/wp\/v2\/media?parent=213148"}],"wp:term":[{"taxonomy":"category","embeddable":true,"href":"https:\/\/roteironoticias.com.br\/index.php\/wp-json\/wp\/v2\/categories?post=213148"},{"taxonomy":"post_tag","embeddable":true,"href":"https:\/\/roteironoticias.com.br\/index.php\/wp-json\/wp\/v2\/tags?post=213148"}],"curies":[{"name":"wp","href":"https:\/\/api.w.org\/{rel}","templated":true}]}}