{"id":213145,"date":"2026-09-02T11:31:22","date_gmt":"2026-09-02T14:31:22","guid":{"rendered":"https:\/\/roteironoticias.com.br\/?p=213145"},"modified":"2026-09-02T11:31:24","modified_gmt":"2026-09-02T14:31:24","slug":"em-guaranta-do-norte-pm-prende-elemento-portando-arma-de-fogo","status":"publish","type":"post","link":"https:\/\/roteironoticias.com.br\/index.php\/2026\/09\/02\/em-guaranta-do-norte-pm-prende-elemento-portando-arma-de-fogo\/","title":{"rendered":"Em Guarant\u00e3 do Norte PM prende elemento portando arma de fogo"},"content":{"rendered":"\n<p class=\"wp-block-paragraph\">Na noite da \u00faltima &nbsp;segunda-feira (31), por volta das 21h, a Policia Militar estava realizando ronda ostensiva, pela Rua Santo Ant\u00f3nio, no Bairro Santa Marta, em Guarant\u00e3 do Norte\/MT, quando se deparou com um ve\u00edculo VW\/Gol. Os policiais deram ordem de parada para o condutor que, apresentava sinais de embriagues.<\/p>\n\n\n\n<p class=\"wp-block-paragraph\">Ao realizar uma revista no interior do ve\u00edculo foi encontrado uma arma de fogo, tipo espingarda calibre.22. Perante o fato foi dado voz de pris\u00e3o ao motorista. Quando estava sendo conduzido o mesmo se alterou e passou a fazer amea\u00e7a aos policiais.<\/p>\n\n\n\n<p class=\"wp-block-paragraph\">Na unidade policial, foi necess\u00e1rio o emprego proporcional da for\u00e7a para cont\u00ea-lo, ap\u00f3s ele oferecer risco \u00e0 integridade da equipe, visto que havia passado as algemas para frente, muito agressivo apresentava resist\u00eancia e sinais de fuga. Sendo entregue e confeccionado o presente boletim para provid\u00eancias cab\u00edveis.<\/p>\n\n\n\n<p class=\"wp-block-paragraph\">Ap\u00f3s lavrar o Boletim de Ocorr\u00eancia, o mesmo foi encaminhado a Delegacia Judiciaria de Policia Civil, aonde ficou \u00e0 disposi\u00e7\u00e3o da Justi\u00e7a e poder\u00e1 responder por, Posse ilegal de arma de fogo, amea\u00e7a, desacato e conduzir ve\u00edculo sob influ\u00eancia de \u00e1lcool.<\/p>\n\n\n\n<p class=\"wp-block-paragraph\"><strong><em>Por C\u00e9lio Ribeiro\/Roteiro Not\u00edcias\/Com Informa\u00e7\u00f5es da Assessoria do 15\u00ba Comando Regional<\/em><\/strong><\/p>\n\n\n\n<p class=\"wp-block-paragraph\"><\/p>\n","protected":false},"excerpt":{"rendered":"<p>Na noite da \u00faltima &nbsp;segunda-feira (31), por volta das 21h, a Policia Militar estava realizando<\/p>\n","protected":false},"author":2,"featured_media":213146,"comment_status":"closed","ping_status":"open","sticky":false,"template":"","format":"standard","meta":{"footnotes":""},"categories":[12],"tags":[],"class_list":["post-213145","post","type-post","status-publish","format-standard","has-post-thumbnail","hentry","category-justica"],"_links":{"self":[{"href":"https:\/\/roteironoticias.com.br\/index.php\/wp-json\/wp\/v2\/posts\/213145","targetHints":{"allow":["GET"]}}],"collection":[{"href":"https:\/\/roteironoticias.com.br\/index.php\/wp-json\/wp\/v2\/posts"}],"about":[{"href":"https:\/\/roteironoticias.com.br\/index.php\/wp-json\/wp\/v2\/types\/post"}],"author":[{"embeddable":true,"href":"https:\/\/roteironoticias.com.br\/index.php\/wp-json\/wp\/v2\/users\/2"}],"replies":[{"embeddable":true,"href":"https:\/\/roteironoticias.com.br\/index.php\/wp-json\/wp\/v2\/comments?post=213145"}],"version-history":[{"count":1,"href":"https:\/\/roteironoticias.com.br\/index.php\/wp-json\/wp\/v2\/posts\/213145\/revisions"}],"predecessor-version":[{"id":213147,"href":"https:\/\/roteironoticias.com.br\/index.php\/wp-json\/wp\/v2\/posts\/213145\/revisions\/213147"}],"wp:featuredmedia":[{"embeddable":true,"href":"https:\/\/roteironoticias.com.br\/index.php\/wp-json\/wp\/v2\/media\/213146"}],"wp:attachment":[{"href":"https:\/\/roteironoticias.com.br\/index.php\/wp-json\/wp\/v2\/media?parent=213145"}],"wp:term":[{"taxonomy":"category","embeddable":true,"href":"https:\/\/roteironoticias.com.br\/index.php\/wp-json\/wp\/v2\/categories?post=213145"},{"taxonomy":"post_tag","embeddable":true,"href":"https:\/\/roteironoticias.com.br\/index.php\/wp-json\/wp\/v2\/tags?post=213145"}],"curies":[{"name":"wp","href":"https:\/\/api.w.org\/{rel}","templated":true}]}}