{"id":213135,"date":"2026-09-01T15:35:43","date_gmt":"2026-09-01T18:35:43","guid":{"rendered":"https:\/\/roteironoticias.com.br\/?p=213135"},"modified":"2026-09-01T15:35:48","modified_gmt":"2026-09-01T18:35:48","slug":"de-volta-ao-futebol-catarinense-apos-14-anos-nene-bonilha-valoriza-estreia-com-gol-da-vitoria-pelo-santa-catarina","status":"publish","type":"post","link":"https:\/\/roteironoticias.com.br\/index.php\/2026\/09\/01\/de-volta-ao-futebol-catarinense-apos-14-anos-nene-bonilha-valoriza-estreia-com-gol-da-vitoria-pelo-santa-catarina\/","title":{"rendered":"De volta ao futebol catarinense ap\u00f3s 14 anos, Nen\u00ea Bonilha valoriza estreia com gol da vit\u00f3ria pelo Santa Catarina"},"content":{"rendered":"\n<p class=\"wp-block-paragraph\">Em 2012, o meia Nen\u00ea Bonilha, ent\u00e3o com 20 anos, foi emprestado pelo Corinthians ao Ava\u00ed para a disputa da S\u00e9rie B. No Le\u00e3o, ele ajudou a equipe na competi\u00e7\u00e3o nacional em 13 jogos e terminou o campeonato no s\u00e9timo lugar. Quatorze anos se passaram e Nen\u00ea Bonilha est\u00e1 de volta ao futebol catarinense. Isso porque ele foi contratado para ser o camisa 10 do Santa Catarina na disputa da Copa Santa Catarina.<\/p>\n\n\n\n<p class=\"wp-block-paragraph\">O cart\u00e3o de visita de Nen\u00ea Bonilha n\u00e3o poderia ser melhor. Mesmo jogando fora de casa na primeira rodada da Copinha, o Santa Catarina venceu o Blumenau por 1\u00d70 com o gol do sucesso da \u00c1guia do Vale sendo marcado justamente pelo estreante camisa 10. \u201cMuito feliz depois de tanto tempo voltar ao futebol catarinense, ainda mais vestindo a camisa do Santa Catarina, que \u00e9 um clube no qual vem tendo um crescimento gigantesco no estado nos \u00faltimos anos e sou grato por terem me dado essa oportunidade. Foi muito importante ter estreado com vit\u00f3ria fora de casa e ainda melhor que pude marcar o gol que garantiram tr\u00eas pontos ao nosso time\u201d, declarou Nen\u00ea Bonilha.<\/p>\n\n\n\n<p class=\"wp-block-paragraph\">Vale destacar que o campe\u00e3o da Copa Santa Catarina tem direito a escolher entre uma vaga na S\u00e9rie D ou na Copa do Brasil. Como j\u00e1 tem lugar garantido na quarta divis\u00e3o nacional, o clube de Rio do Sul tem como meta conquistar a Copinha para ter uma vaga na Copa do Brasil de 2027.<\/p>\n\n\n\n<p class=\"wp-block-paragraph\">No pr\u00f3ximo domingo, \u00e0s 15h, o Santa Catarina far\u00e1 a sua segunda partida na Copinha e, novamente, atuar\u00e1 como visitante, s\u00f3 que desta vez enfrentar\u00e1 o Na\u00e7\u00e3o. Nen\u00ea Bonilha projetou mais um duelo fora de casa. \u201cSer\u00e1 mais um jogo longe da nossa torcida, mas a nossa expectativa est\u00e1 alta depois da boa estreia que tivemos. Todo o nosso time est\u00e1 de parab\u00e9ns. Sabemos as dificuldades que teremos diante do Na\u00e7\u00e3o, mas vamos aproveitar bem essa semana de trabalho do professor Jord\u00e3 Guerreiro para buscarmos mais uma vit\u00f3ria\u201d, finalizou.<\/p>\n\n\n\n<p class=\"wp-block-paragraph\">Da Assessoria<\/p>\n\n\n\n<figure class=\"wp-block-image size-large\"><img loading=\"lazy\" decoding=\"async\" width=\"819\" height=\"1024\" src=\"https:\/\/roteironoticias.com.br\/wp-content\/uploads\/2026\/09\/image-819x1024.png\" alt=\"\" class=\"wp-image-213136\" srcset=\"https:\/\/roteironoticias.com.br\/wp-content\/uploads\/2026\/09\/image-819x1024.png 819w, https:\/\/roteironoticias.com.br\/wp-content\/uploads\/2026\/09\/image-240x300.png 240w, https:\/\/roteironoticias.com.br\/wp-content\/uploads\/2026\/09\/image-768x960.png 768w, https:\/\/roteironoticias.com.br\/wp-content\/uploads\/2026\/09\/image-1229x1536.png 1229w, https:\/\/roteironoticias.com.br\/wp-content\/uploads\/2026\/09\/image.png 1280w\" sizes=\"auto, (max-width: 819px) 100vw, 819px\" \/><\/figure>\n","protected":false},"excerpt":{"rendered":"<p>Em 2012, o meia Nen\u00ea Bonilha, ent\u00e3o com 20 anos, foi emprestado pelo Corinthians ao<\/p>\n","protected":false},"author":2,"featured_media":213137,"comment_status":"closed","ping_status":"open","sticky":false,"template":"","format":"standard","meta":{"footnotes":""},"categories":[3],"tags":[],"class_list":["post-213135","post","type-post","status-publish","format-standard","has-post-thumbnail","hentry","category-esportes"],"_links":{"self":[{"href":"https:\/\/roteironoticias.com.br\/index.php\/wp-json\/wp\/v2\/posts\/213135","targetHints":{"allow":["GET"]}}],"collection":[{"href":"https:\/\/roteironoticias.com.br\/index.php\/wp-json\/wp\/v2\/posts"}],"about":[{"href":"https:\/\/roteironoticias.com.br\/index.php\/wp-json\/wp\/v2\/types\/post"}],"author":[{"embeddable":true,"href":"https:\/\/roteironoticias.com.br\/index.php\/wp-json\/wp\/v2\/users\/2"}],"replies":[{"embeddable":true,"href":"https:\/\/roteironoticias.com.br\/index.php\/wp-json\/wp\/v2\/comments?post=213135"}],"version-history":[{"count":1,"href":"https:\/\/roteironoticias.com.br\/index.php\/wp-json\/wp\/v2\/posts\/213135\/revisions"}],"predecessor-version":[{"id":213138,"href":"https:\/\/roteironoticias.com.br\/index.php\/wp-json\/wp\/v2\/posts\/213135\/revisions\/213138"}],"wp:featuredmedia":[{"embeddable":true,"href":"https:\/\/roteironoticias.com.br\/index.php\/wp-json\/wp\/v2\/media\/213137"}],"wp:attachment":[{"href":"https:\/\/roteironoticias.com.br\/index.php\/wp-json\/wp\/v2\/media?parent=213135"}],"wp:term":[{"taxonomy":"category","embeddable":true,"href":"https:\/\/roteironoticias.com.br\/index.php\/wp-json\/wp\/v2\/categories?post=213135"},{"taxonomy":"post_tag","embeddable":true,"href":"https:\/\/roteironoticias.com.br\/index.php\/wp-json\/wp\/v2\/tags?post=213135"}],"curies":[{"name":"wp","href":"https:\/\/api.w.org\/{rel}","templated":true}]}}