{"id":213126,"date":"2026-09-01T15:07:25","date_gmt":"2026-09-01T18:07:25","guid":{"rendered":"https:\/\/roteironoticias.com.br\/?p=213126"},"modified":"2026-09-01T15:07:29","modified_gmt":"2026-09-01T18:07:29","slug":"pivetta-mente-em-debate-mato-grosso-nao-tem-secretaria-da-mulher","status":"publish","type":"post","link":"https:\/\/roteironoticias.com.br\/index.php\/2026\/09\/01\/pivetta-mente-em-debate-mato-grosso-nao-tem-secretaria-da-mulher\/","title":{"rendered":"Pivetta mente em debate: Mato Grosso n\u00e3o tem secretaria da Mulher"},"content":{"rendered":"\n<p class=\"wp-block-paragraph\">Durante o debate da TV Vila Real, nesta ter\u00e7a-feira (1\u00ba), Otaviano Pivetta afirmou que Mato Grosso possui uma Secretaria da Mulher. A estrutura oficial do pr\u00f3prio Governo do Estado, por\u00e9m, mostra outra realidade: o que existe \u00e9 a Secretaria Adjunta de Pol\u00edticas P\u00fablicas para as Mulheres, subordinada \u00e0 Secretaria de Estado de Assist\u00eancia Social e Cidadania (Setasc), e n\u00e3o uma secretaria independente.<\/p>\n\n\n\n<p class=\"wp-block-paragraph\">O candidato, respondendo ao Sargento Laudic\u00e9rcio, afirmou que \u201ctemos uma Secretaria da Mulher, que trabalha junto com todas as outras secretarias para fazer pol\u00edticas p\u00fablicas\u201d, o que, definitivamente, n\u00e3o \u00e9 a realidade do atual Governo.<\/p>\n\n\n\n<p class=\"wp-block-paragraph\">A confus\u00e3o chama ainda mais aten\u00e7\u00e3o diante dos indicadores de viol\u00eancia de g\u00eanero. Segundo o Anu\u00e1rio Brasileiro de Seguran\u00e7a P\u00fablica 2025, Mato Grosso registrou, em 2024, 2,5 feminic\u00eddios para cada 100 mil mulheres, a maior taxa do pa\u00eds, ante m\u00e9dia nacional de 1,4. O Estado j\u00e1 havia liderado o ranking no levantamento referente a 2023.<\/p>\n\n\n\n<p class=\"wp-block-paragraph\">Em um estado marcado por \u00edndices t\u00e3o graves de viol\u00eancia contra a mulher, a diferen\u00e7a est\u00e1 longe de ser apenas uma quest\u00e3o de nomenclatura. Ao contr\u00e1rio do que afirmou Pivetta no debate, Mato Grosso n\u00e3o possui atualmente uma Secretaria de Estado da Mulher no primeiro escal\u00e3o do governo.<\/p>\n\n\n\n<p class=\"wp-block-paragraph\">Da Reda\u00e7\u00e3o<\/p>\n","protected":false},"excerpt":{"rendered":"<p>Durante o debate da TV Vila Real, nesta ter\u00e7a-feira (1\u00ba), Otaviano Pivetta afirmou que Mato<\/p>\n","protected":false},"author":2,"featured_media":213127,"comment_status":"closed","ping_status":"open","sticky":false,"template":"","format":"standard","meta":{"footnotes":""},"categories":[6],"tags":[],"class_list":["post-213126","post","type-post","status-publish","format-standard","has-post-thumbnail","hentry","category-politica"],"_links":{"self":[{"href":"https:\/\/roteironoticias.com.br\/index.php\/wp-json\/wp\/v2\/posts\/213126","targetHints":{"allow":["GET"]}}],"collection":[{"href":"https:\/\/roteironoticias.com.br\/index.php\/wp-json\/wp\/v2\/posts"}],"about":[{"href":"https:\/\/roteironoticias.com.br\/index.php\/wp-json\/wp\/v2\/types\/post"}],"author":[{"embeddable":true,"href":"https:\/\/roteironoticias.com.br\/index.php\/wp-json\/wp\/v2\/users\/2"}],"replies":[{"embeddable":true,"href":"https:\/\/roteironoticias.com.br\/index.php\/wp-json\/wp\/v2\/comments?post=213126"}],"version-history":[{"count":1,"href":"https:\/\/roteironoticias.com.br\/index.php\/wp-json\/wp\/v2\/posts\/213126\/revisions"}],"predecessor-version":[{"id":213128,"href":"https:\/\/roteironoticias.com.br\/index.php\/wp-json\/wp\/v2\/posts\/213126\/revisions\/213128"}],"wp:featuredmedia":[{"embeddable":true,"href":"https:\/\/roteironoticias.com.br\/index.php\/wp-json\/wp\/v2\/media\/213127"}],"wp:attachment":[{"href":"https:\/\/roteironoticias.com.br\/index.php\/wp-json\/wp\/v2\/media?parent=213126"}],"wp:term":[{"taxonomy":"category","embeddable":true,"href":"https:\/\/roteironoticias.com.br\/index.php\/wp-json\/wp\/v2\/categories?post=213126"},{"taxonomy":"post_tag","embeddable":true,"href":"https:\/\/roteironoticias.com.br\/index.php\/wp-json\/wp\/v2\/tags?post=213126"}],"curies":[{"name":"wp","href":"https:\/\/api.w.org\/{rel}","templated":true}]}}