{"id":213098,"date":"2026-08-31T11:25:53","date_gmt":"2026-08-31T14:25:53","guid":{"rendered":"https:\/\/roteironoticias.com.br\/?p=213098"},"modified":"2026-08-31T11:25:57","modified_gmt":"2026-08-31T14:25:57","slug":"ministerio-da-saude-reforca-a-importancia-da-tomar-vacina-contra-virus-do-sarampo","status":"publish","type":"post","link":"https:\/\/roteironoticias.com.br\/index.php\/2026\/08\/31\/ministerio-da-saude-reforca-a-importancia-da-tomar-vacina-contra-virus-do-sarampo\/","title":{"rendered":"Minist\u00e9rio da Sa\u00fade refor\u00e7a a import\u00e2ncia da tomar vacina contra v\u00edrus do sarampo"},"content":{"rendered":"\n<p class=\"wp-block-paragraph\"><em>Diante da ocorr\u00eancia de casos de sarampo em S\u00e3o Paulo ao longo dos \u00faltimos meses, o Minist\u00e9rio da Sa\u00fade refor\u00e7ou o chamamento para que a popula\u00e7\u00e3o mantenha a caderneta de vacina\u00e7\u00e3o atualizada<\/em><\/p>\n\n\n\n<p class=\"wp-block-paragraph\">A Campanha Nacional de Multivacina\u00e7\u00e3o segue at\u00e9 a pr\u00f3xima ter\u00e7a-feira (1\u00ba) e tem como objetivo verificar a situa\u00e7\u00e3o vacinal de crian\u00e7as e adolescentes menores de 15 anos e aplicar as doses necess\u00e1rias, incluindo a tr\u00edplice viral, que protege contra o sarampo.<\/p>\n\n\n\n<p class=\"wp-block-paragraph\">O Brasil confirmou 27 casos da doen\u00e7a ao longo de 2026. Desses, 24 est\u00e3o relacionados a uma cadeia de transmiss\u00e3o ativa iniciada em junho no estado de S\u00e3o Paulo, sendo 21 casos na capital, dois em S\u00e3o Bernardo do Campo e um em Guarulhos.<\/p>\n\n\n\n<p class=\"wp-block-paragraph\">Ainda de acordo com o minist\u00e9rio, dos outros tr\u00eas casos, dois foram registrados em S\u00e3o Paulo e um no Rio de Janeiro, mas sem rela\u00e7\u00e3o entre si, e j\u00e1 s\u00e3o considerados encerrados ap\u00f3s 12 semanas sem novas ocorr\u00eancias associadas.<\/p>\n\n\n\n<p class=\"wp-block-paragraph\"><strong>Leia tamb\u00e9m &#8211;&nbsp;<a href=\"https:\/\/www.gazetadigital.com.br\/editorias\/brasil\/quedas-e-queimaduras-sao-maior-causa-de-internacao-de-criancas\/857846\">Quedas e queimaduras s\u00e3o maior causa de interna\u00e7\u00e3o de crian\u00e7as<\/a><\/strong><\/p>\n\n\n\n<p class=\"wp-block-paragraph\">Em 2025, foram confirmados 38 casos de sarampo importados ou relacionados \u00e0 importa\u00e7\u00e3o, todos, segundo a pasta, controlados por meio das a\u00e7\u00f5es de vigil\u00e2ncia e vacina\u00e7\u00e3o.<\/p>\n\n\n\n<p class=\"wp-block-paragraph\">\u201cCom isso, o Brasil segue livre da circula\u00e7\u00e3o end\u00eamica do sarampo, mesmo diante do aumento de casos registrado em outros pa\u00edses das Am\u00e9ricas\u201d, refor\u00e7ou o minist\u00e9rio em comunicado.<\/p>\n\n\n\n<p class=\"wp-block-paragraph\"><strong>Esquema vacinal<\/strong><br>Altamente contagioso, o sarampo pode ser prevenido por meio da vacina tr\u00edplice viral, que tamb\u00e9m protege contra a caxumba e a rub\u00e9ola.<\/p>\n\n\n\n<p class=\"wp-block-paragraph\">Para crian\u00e7as, o esquema de rotina prev\u00ea duas doses: a primeira aos 12 meses e a segunda aos 15 meses.<\/p>\n\n\n\n<p class=\"wp-block-paragraph\">Pessoas de at\u00e9 29 anos de idade que n\u00e3o tenham sido vacinadas ou que n\u00e3o possuam comprova\u00e7\u00e3o devem receber duas doses, com intervalo m\u00ednimo de 30 dias entre elas.<\/p>\n\n\n\n<p class=\"wp-block-paragraph\">Para adultos de 30 a 59 anos, \u00e9 recomendada uma dose contra o sarampo. Em situa\u00e7\u00f5es onde h\u00e1 circula\u00e7\u00e3o do v\u00edrus, as estrat\u00e9gias de vacina\u00e7\u00e3o podem ser ampliadas de acordo com a avalia\u00e7\u00e3o epidemiol\u00f3gica.<\/p>\n\n\n\n<p class=\"wp-block-paragraph\">Em S\u00e3o Paulo, por exemplo, diante da cadeia de transmiss\u00e3o identificada, o minist\u00e9rio recomendou ampliar a vacina\u00e7\u00e3o nos munic\u00edpios de S\u00e3o Paulo, Guarulhos e S\u00e3o Bernardo do Campo, e crian\u00e7as de 6 a 11 meses devem receber com a chamada dose zero.<\/p>\n\n\n\n<p class=\"wp-block-paragraph\">\u201cA dose zero \u00e9 uma estrat\u00e9gia adicional de prote\u00e7\u00e3o para crian\u00e7as menores de 1 ano em cen\u00e1rios de maior risco e n\u00e3o substitui as doses previstas no calend\u00e1rio de rotina aos 12 e 15 meses\u201d, refor\u00e7ou a pasta.<\/p>\n\n\n\n<figure class=\"wp-block-image size-full is-resized\"><img loading=\"lazy\" decoding=\"async\" width=\"120\" height=\"29\" src=\"https:\/\/roteironoticias.com.br\/wp-content\/uploads\/2026\/08\/image-5.png\" alt=\"\" class=\"wp-image-213099\" style=\"width:286px;height:auto\"\/><\/figure>\n\n\n\n<p class=\"wp-block-paragraph\"><\/p>\n","protected":false},"excerpt":{"rendered":"<p>Diante da ocorr\u00eancia de casos de sarampo em S\u00e3o Paulo ao longo dos \u00faltimos meses,<\/p>\n","protected":false},"author":2,"featured_media":213100,"comment_status":"closed","ping_status":"open","sticky":false,"template":"","format":"standard","meta":{"footnotes":""},"categories":[14,32],"tags":[],"class_list":["post-213098","post","type-post","status-publish","format-standard","has-post-thumbnail","hentry","category-cidades","category-saude"],"_links":{"self":[{"href":"https:\/\/roteironoticias.com.br\/index.php\/wp-json\/wp\/v2\/posts\/213098","targetHints":{"allow":["GET"]}}],"collection":[{"href":"https:\/\/roteironoticias.com.br\/index.php\/wp-json\/wp\/v2\/posts"}],"about":[{"href":"https:\/\/roteironoticias.com.br\/index.php\/wp-json\/wp\/v2\/types\/post"}],"author":[{"embeddable":true,"href":"https:\/\/roteironoticias.com.br\/index.php\/wp-json\/wp\/v2\/users\/2"}],"replies":[{"embeddable":true,"href":"https:\/\/roteironoticias.com.br\/index.php\/wp-json\/wp\/v2\/comments?post=213098"}],"version-history":[{"count":1,"href":"https:\/\/roteironoticias.com.br\/index.php\/wp-json\/wp\/v2\/posts\/213098\/revisions"}],"predecessor-version":[{"id":213101,"href":"https:\/\/roteironoticias.com.br\/index.php\/wp-json\/wp\/v2\/posts\/213098\/revisions\/213101"}],"wp:featuredmedia":[{"embeddable":true,"href":"https:\/\/roteironoticias.com.br\/index.php\/wp-json\/wp\/v2\/media\/213100"}],"wp:attachment":[{"href":"https:\/\/roteironoticias.com.br\/index.php\/wp-json\/wp\/v2\/media?parent=213098"}],"wp:term":[{"taxonomy":"category","embeddable":true,"href":"https:\/\/roteironoticias.com.br\/index.php\/wp-json\/wp\/v2\/categories?post=213098"},{"taxonomy":"post_tag","embeddable":true,"href":"https:\/\/roteironoticias.com.br\/index.php\/wp-json\/wp\/v2\/tags?post=213098"}],"curies":[{"name":"wp","href":"https:\/\/api.w.org\/{rel}","templated":true}]}}