{"id":213095,"date":"2026-08-31T11:06:26","date_gmt":"2026-08-31T14:06:26","guid":{"rendered":"https:\/\/roteironoticias.com.br\/?p=213095"},"modified":"2026-08-31T11:06:31","modified_gmt":"2026-08-31T14:06:31","slug":"a-vida-em-rascunho","status":"publish","type":"post","link":"https:\/\/roteironoticias.com.br\/index.php\/2026\/08\/31\/a-vida-em-rascunho\/","title":{"rendered":"A vida em rascunho"},"content":{"rendered":"\n<p class=\"wp-block-paragraph\"><em>Talvez a vida nunca chegue \u00e0 vers\u00e3o final. Enquanto esperamos o momento certo, o tempo passa e aquilo que poderia ter sido vivido fica guardado como um rascunho que nunca ganhou coragem para existir<\/em><\/p>\n\n\n\n<p class=\"wp-block-paragraph\">Eu estava procurando um documento qualquer no computador quando abri, sem querer, uma pasta antiga chamada ideias. l\u00e1 dentro, um cemit\u00e9rio organizado em ordem alfab\u00e9tica: conto do \u00f4nibus AGORA VAI, come\u00e7o bom n\u00e3o perder, ideia boa madrugada, este \u00faltimo contendo uma \u00fanica linha que diz &#8220;ele volta para buscar o rel\u00f3gio&#8221;, e eu juro que n\u00e3o fa\u00e7o a menor ideia de quem \u00e9 ele, que rel\u00f3gio \u00e9 esse, nem por que em 2017 isso me pareceu importante o suficiente para levantar da cama. fiquei um bom tempo ali, rolando a lista, como quem visita parentes que n\u00e3o v\u00ea h\u00e1 anos e n\u00e3o reconhece mais.<\/p>\n\n\n\n<p class=\"wp-block-paragraph\">S\u00e3o dezenas de rascunhos. textos com tr\u00eas par\u00e1grafos \u00f3timos e nenhum quarto. contos que param exatamente na hora em que eu precisaria decidir alguma coisa. e as vers\u00f5es, meu deus, as vers\u00f5es: cr\u00f4nica v2 revisada FINAL definitiva convivendo na mesma pasta com cr\u00f4nica v2 revisada FINAL definitiva MESMO. cada arquivo desses foi, no dia em que nasceu, uma promessa. eu fechava o documento com a sensa\u00e7\u00e3o boa de quem come\u00e7ou algo, e o rascunho ficava l\u00e1, esperando um retorno que a agenda sempre empurrou para frente.<\/p>\n\n\n\n<p class=\"wp-block-paragraph\">O inc\u00f4modo veio quando eu percebi que n\u00e3o fa\u00e7o isso s\u00f3 com texto. eu vivo em vers\u00e3o rascunho. a conversa importante que eu vou ter quando a poeira baixar. o projeto que eu vou tirar do papel quando sobrar um dinheiro. o h\u00e1bito que come\u00e7a segunda-feira, essa segunda-feira m\u00edtica que funciona como lixeira de inten\u00e7\u00f5es. a vers\u00e3o final de mim mesmo est\u00e1 sempre agendada para um futuro em que as condi\u00e7\u00f5es v\u00e3o colaborar: mais tempo, mais calma, menos boleto. enquanto isso, eu me apresento ao mundo como esbo\u00e7o, pedindo desculpas antecipadas, avisando que ainda n\u00e3o sou a edi\u00e7\u00e3o revisada.<\/p>\n\n\n\n<p class=\"wp-block-paragraph\">S\u00f3 que as condi\u00e7\u00f5es n\u00e3o colaboram nunca. essa \u00e9 a not\u00edcia que ningu\u00e9m me deu aos vinte anos e que eu entrego a voc\u00ea de gra\u00e7a: a poeira n\u00e3o baixa, o tempo n\u00e3o sobra, a segunda-feira chega cheia dos mesmos problemas da sexta. esperar a vers\u00e3o final \u00e9 um jeito elegante de n\u00e3o publicar nunca. e rascunho engavetado n\u00e3o toca ningu\u00e9m. aquele conto do rel\u00f3gio pode at\u00e9 ser ruim, mas na gaveta ele nem essa chance tem. o texto imperfeito publicado conversa, erra, encontra um leitor. o perfeito in\u00e9dito s\u00f3 acumula poeira digital e culpa.<\/p>\n\n\n\n<p class=\"wp-block-paragraph\">Ent\u00e3o fica aqui o meu comunicado oficial: eu decidi publicar a vida como ela est\u00e1. com erro de digita\u00e7\u00e3o, com quarto par\u00e1grafo faltando, com vers\u00f5es conflitantes de mim mesmo na mesma pasta. esta coluna que voc\u00ea acabou de ler, ali\u00e1s, \u00e9 exatamente isso: um rascunho que criou coragem. se voc\u00ea encontrar erros, finja eleg\u00e2ncia. o autor est\u00e1 em revis\u00e3o permanente, e desconfia, cada vez com menos medo, de que todo mundo est\u00e1.<\/p>\n\n\n\n<p class=\"wp-block-paragraph\">@enricopierroofc<\/p>\n","protected":false},"excerpt":{"rendered":"<p>Talvez a vida nunca chegue \u00e0 vers\u00e3o final. Enquanto esperamos o momento certo, o tempo<\/p>\n","protected":false},"author":2,"featured_media":213096,"comment_status":"closed","ping_status":"open","sticky":false,"template":"","format":"standard","meta":{"footnotes":""},"categories":[8],"tags":[],"class_list":["post-213095","post","type-post","status-publish","format-standard","has-post-thumbnail","hentry","category-brasil"],"_links":{"self":[{"href":"https:\/\/roteironoticias.com.br\/index.php\/wp-json\/wp\/v2\/posts\/213095","targetHints":{"allow":["GET"]}}],"collection":[{"href":"https:\/\/roteironoticias.com.br\/index.php\/wp-json\/wp\/v2\/posts"}],"about":[{"href":"https:\/\/roteironoticias.com.br\/index.php\/wp-json\/wp\/v2\/types\/post"}],"author":[{"embeddable":true,"href":"https:\/\/roteironoticias.com.br\/index.php\/wp-json\/wp\/v2\/users\/2"}],"replies":[{"embeddable":true,"href":"https:\/\/roteironoticias.com.br\/index.php\/wp-json\/wp\/v2\/comments?post=213095"}],"version-history":[{"count":1,"href":"https:\/\/roteironoticias.com.br\/index.php\/wp-json\/wp\/v2\/posts\/213095\/revisions"}],"predecessor-version":[{"id":213097,"href":"https:\/\/roteironoticias.com.br\/index.php\/wp-json\/wp\/v2\/posts\/213095\/revisions\/213097"}],"wp:featuredmedia":[{"embeddable":true,"href":"https:\/\/roteironoticias.com.br\/index.php\/wp-json\/wp\/v2\/media\/213096"}],"wp:attachment":[{"href":"https:\/\/roteironoticias.com.br\/index.php\/wp-json\/wp\/v2\/media?parent=213095"}],"wp:term":[{"taxonomy":"category","embeddable":true,"href":"https:\/\/roteironoticias.com.br\/index.php\/wp-json\/wp\/v2\/categories?post=213095"},{"taxonomy":"post_tag","embeddable":true,"href":"https:\/\/roteironoticias.com.br\/index.php\/wp-json\/wp\/v2\/tags?post=213095"}],"curies":[{"name":"wp","href":"https:\/\/api.w.org\/{rel}","templated":true}]}}