{"id":213091,"date":"2026-08-31T07:33:42","date_gmt":"2026-08-31T10:33:42","guid":{"rendered":"https:\/\/roteironoticias.com.br\/?p=213091"},"modified":"2026-08-31T07:34:46","modified_gmt":"2026-08-31T10:34:46","slug":"saude-valcimar-fuzinato-defende-construcao-de-hospital-regional-para-atender-o-nortao","status":"publish","type":"post","link":"https:\/\/roteironoticias.com.br\/index.php\/2026\/08\/31\/saude-valcimar-fuzinato-defende-construcao-de-hospital-regional-para-atender-o-nortao\/","title":{"rendered":"Sa\u00fade: Valcimar Fuzinato defende constru\u00e7\u00e3o de Hospital Regional para atender o Nort\u00e3o"},"content":{"rendered":"\n<p class=\"wp-block-paragraph\"><em>Proposta busca ampliar o atendimento de m\u00e9dia e alta complexidade e garantir todas as especialidades m\u00e9dicas no Norte de Mato Grosso<\/em><\/p>\n\n\n\n<p class=\"wp-block-paragraph\">O acesso \u00e0 sa\u00fade especializada no Norte de Mato Grosso \u00e9 uma demanda que, segundo Valcimar Fuzinato, precisa receber mais aten\u00e7\u00e3o e investimentos. Ele defende a constru\u00e7\u00e3o de um Hospital Regional para atender os munic\u00edpios do Nort\u00e3o, al\u00e9m da implanta\u00e7\u00e3o e do fortalecimento das especialidades m\u00e9dicas necess\u00e1rias para atender a popula\u00e7\u00e3o da regi\u00e3o.<\/p>\n\n\n\n<p class=\"wp-block-paragraph\">Para Valcimar, o crescimento populacional e o desenvolvimento econ\u00f4mico do Norte de Mato Grosso exigem uma rede de sa\u00fade cada vez mais estruturada e preparada para atender diferentes n\u00edveis de complexidade.<\/p>\n\n\n\n<blockquote class=\"wp-block-quote is-layout-flow wp-block-quote-is-layout-flow\">\n<p class=\"wp-block-paragraph\">\u201cPrecisamos ter um Hospital Regional preparado para atender a nossa popula\u00e7\u00e3o. A constru\u00e7\u00e3o dessa unidade \u00e9 uma necessidade e deve estar entre as prioridades. O Norte de Mato Grosso precisa ter todas as especialidades aqui, para que as pessoas n\u00e3o precisem viajar centenas de quil\u00f4metros em busca de atendimento\u201d, destaca Valcimar.<\/p>\n<\/blockquote>\n\n\n\n<p class=\"wp-block-paragraph\"><strong>Redu\u00e7\u00e3o dos deslocamentos<\/strong><\/p>\n\n\n\n<p class=\"wp-block-paragraph\">De acordo com Valcimar Fuzinato, a concentra\u00e7\u00e3o de determinados servi\u00e7os especializados em outras regi\u00f5es gera dificuldades para pacientes e familiares, que muitas vezes precisam percorrer longas dist\u00e2ncias para realizar consultas, exames, cirurgias e tratamentos.<\/p>\n\n\n\n<p class=\"wp-block-paragraph\">Na avalia\u00e7\u00e3o dele, a implanta\u00e7\u00e3o de um Hospital Regional contribuiria para ampliar a capacidade de atendimento e reduzir a necessidade de transfer\u00eancias para centros mais distantes.<\/p>\n\n\n\n<blockquote class=\"wp-block-quote is-layout-flow wp-block-quote-is-layout-flow\">\n<p class=\"wp-block-paragraph\">\u201cA popula\u00e7\u00e3o merece ser atendida perto de casa, com dignidade e seguran\u00e7a. N\u00e3o podemos pensar apenas em uma cidade. Precisamos olhar para todo o Norte de Mato Grosso e construir uma sa\u00fade regional que tenha condi\u00e7\u00f5es de atender as pessoas em todas as especialidades\u201d, afirma.<\/p>\n<\/blockquote>\n\n\n\n<p class=\"wp-block-paragraph\"><strong>Planejamento regional<\/strong><\/p>\n\n\n\n<p class=\"wp-block-paragraph\">Valcimar tamb\u00e9m defende que a constru\u00e7\u00e3o do Hospital Regional seja acompanhada de um planejamento integrado de sa\u00fade, envolvendo os munic\u00edpios da regi\u00e3o, o Governo do Estado e a Uni\u00e3o.<\/p>\n\n\n\n<p class=\"wp-block-paragraph\">A proposta, segundo ele, \u00e9 garantir investimentos compat\u00edveis com o crescimento populacional e com as necessidades de sa\u00fade do Nort\u00e3o, fortalecendo a estrutura hospitalar, ampliando o n\u00famero de profissionais e garantindo equipamentos adequados.<\/p>\n\n\n\n<p class=\"wp-block-paragraph\">Para Fuzinato, a sa\u00fade deve permanecer entre as prioridades permanentes do poder p\u00fablico.<\/p>\n\n\n\n<blockquote class=\"wp-block-quote is-layout-flow wp-block-quote-is-layout-flow\">\n<p class=\"wp-block-paragraph\">\u201cO Norte de Mato Grosso cresce, se desenvolve e gera riquezas. \u00c9 justo que tamb\u00e9m tenha uma estrutura de sa\u00fade \u00e0 altura da sua popula\u00e7\u00e3o. Queremos um Hospital Regional para atender o Nort\u00e3o e queremos todas as especialidades dispon\u00edveis na nossa regi\u00e3o\u201d, refor\u00e7a Valcimar.<\/p>\n<\/blockquote>\n\n\n\n<p class=\"wp-block-paragraph\">Da Reda\u00e7\u00e3o<\/p>\n","protected":false},"excerpt":{"rendered":"<p>Proposta busca ampliar o atendimento de m\u00e9dia e alta complexidade e garantir todas as especialidades<\/p>\n","protected":false},"author":2,"featured_media":213092,"comment_status":"closed","ping_status":"open","sticky":false,"template":"","format":"standard","meta":{"footnotes":""},"categories":[6],"tags":[],"class_list":["post-213091","post","type-post","status-publish","format-standard","has-post-thumbnail","hentry","category-politica"],"_links":{"self":[{"href":"https:\/\/roteironoticias.com.br\/index.php\/wp-json\/wp\/v2\/posts\/213091","targetHints":{"allow":["GET"]}}],"collection":[{"href":"https:\/\/roteironoticias.com.br\/index.php\/wp-json\/wp\/v2\/posts"}],"about":[{"href":"https:\/\/roteironoticias.com.br\/index.php\/wp-json\/wp\/v2\/types\/post"}],"author":[{"embeddable":true,"href":"https:\/\/roteironoticias.com.br\/index.php\/wp-json\/wp\/v2\/users\/2"}],"replies":[{"embeddable":true,"href":"https:\/\/roteironoticias.com.br\/index.php\/wp-json\/wp\/v2\/comments?post=213091"}],"version-history":[{"count":2,"href":"https:\/\/roteironoticias.com.br\/index.php\/wp-json\/wp\/v2\/posts\/213091\/revisions"}],"predecessor-version":[{"id":213094,"href":"https:\/\/roteironoticias.com.br\/index.php\/wp-json\/wp\/v2\/posts\/213091\/revisions\/213094"}],"wp:featuredmedia":[{"embeddable":true,"href":"https:\/\/roteironoticias.com.br\/index.php\/wp-json\/wp\/v2\/media\/213092"}],"wp:attachment":[{"href":"https:\/\/roteironoticias.com.br\/index.php\/wp-json\/wp\/v2\/media?parent=213091"}],"wp:term":[{"taxonomy":"category","embeddable":true,"href":"https:\/\/roteironoticias.com.br\/index.php\/wp-json\/wp\/v2\/categories?post=213091"},{"taxonomy":"post_tag","embeddable":true,"href":"https:\/\/roteironoticias.com.br\/index.php\/wp-json\/wp\/v2\/tags?post=213091"}],"curies":[{"name":"wp","href":"https:\/\/api.w.org\/{rel}","templated":true}]}}