{"id":213085,"date":"2026-08-30T10:07:32","date_gmt":"2026-08-30T13:07:32","guid":{"rendered":"https:\/\/roteironoticias.com.br\/?p=213085"},"modified":"2026-08-30T10:07:35","modified_gmt":"2026-08-30T13:07:35","slug":"previsao-de-43c-faz-cuiaba-levar-desfile-de-7-de-setembro-para-a-noite","status":"publish","type":"post","link":"https:\/\/roteironoticias.com.br\/index.php\/2026\/08\/30\/previsao-de-43c-faz-cuiaba-levar-desfile-de-7-de-setembro-para-a-noite\/","title":{"rendered":"Previs\u00e3o de 43\u00b0C faz Cuiab\u00e1 levar desfile de 7 de Setembro para a noite"},"content":{"rendered":"\n<p class=\"wp-block-paragraph\"><em>Mudan\u00e7a na capital ocorre por causa das altas temperaturas e do tempo seco previstos para a semana. Evento come\u00e7ar\u00e1 \u00e0s 18h30<\/em><\/p>\n\n\n\n<p class=\"wp-block-paragraph\">Para fugir do\u00a0<a href=\"https:\/\/www.metropoles.com\/distrito-federal\/apos-dia-mais-quente-do-ano-inmet-preve-mais-calorao-no-df-neste-domingo\" target=\"_blank\" rel=\"noopener\">calor intenso e do tempo seco<\/a>, o\u00a0<strong>Desfile C\u00edvico de 7 de Setembro<\/strong>\u00a0ser\u00e1 realizado \u00e0 noite neste ano em\u00a0<a href=\"https:\/\/www.metropoles.com\/distrito-federal\/na-mira\/fraude-de-lavagem-de-dinheiro-para-o-comando-vermelho-e-desarticulada-no-mt\" target=\"_blank\" rel=\"noopener\">Cuiab\u00e1<\/a>\u00a0(MT). A mudan\u00e7a tem como objetivo reduzir a exposi\u00e7\u00e3o de estudantes, familiares e do p\u00fablico ao sol forte.<\/p>\n\n\n\n<p class=\"wp-block-paragraph\">A concentra\u00e7\u00e3o das institui\u00e7\u00f5es est\u00e1 marcada para as 18h30, na Rua Batista das Neves, entre a Rua C\u00e2ndido Mariano e a Avenida Get\u00falio Vargas.\u00a0O desfile celebra os 204 anos da Independ\u00eancia do Brasil.<\/p>\n\n\n\n<p class=\"wp-block-paragraph\">A previs\u00e3o do Instituto Nacional de Meteorologia (<a href=\"https:\/\/portal.inmet.gov.br\/\" target=\"_blank\" rel=\"noopener\">Inmet<\/a>) aponta uma semana de calor extremo na capital. Entre domingo (30\/8) e quinta-feira (3\/9), as m\u00e1ximas devem variar entre 36\u00b0C e 43\u00b0C. O pico deve ocorrer no in\u00edcio e no fim do per\u00edodo, com 42\u00b0C neste domingo (30\/8), 41\u00b0C na segunda-feira (31\/8), 41\u00b0C na ter\u00e7a-feira (1\u00ba\/9) e 43\u00b0C na quinta-feira (3\/9).<\/p>\n\n\n\n<p class=\"wp-block-paragraph\">Na quarta-feira (2\/9), a temperatura deve cair temporariamente para 36\u00b0C, mas o tempo continuar\u00e1 seco. A umidade relativa do ar deve ficar entre 15% e 20% nos dias mais quentes e chegar a 30% na quarta.<\/p>\n\n\n\n<p class=\"wp-block-paragraph\">Para amenizar os\u00a0<a href=\"https:\/\/www.metropoles.com\/brasil\/inmet-emite-alerta-e-9-estados-e-df-podem-ter-clima-mais-seco-que-o-saara\" target=\"_blank\" rel=\"noopener\">efeitos do calor<\/a>, ser\u00e3o instalados pontos de hidrata\u00e7\u00e3o e espa\u00e7os de descanso ao longo do percurso. Equipes de apoio ficar\u00e3o em locais estrat\u00e9gicos para orientar estudantes e o p\u00fablico. <\/p>\n\n\n\n<p class=\"wp-block-paragraph\">Por <a href=\"https:\/\/www.metropoles.com\/author\/alvaro-luiz\">\u00c1lvaro Luiz<\/a><\/p>\n","protected":false},"excerpt":{"rendered":"<p>Mudan\u00e7a na capital ocorre por causa das altas temperaturas e do tempo seco previstos para<\/p>\n","protected":false},"author":2,"featured_media":213086,"comment_status":"closed","ping_status":"open","sticky":false,"template":"","format":"standard","meta":{"footnotes":""},"categories":[14],"tags":[],"class_list":["post-213085","post","type-post","status-publish","format-standard","has-post-thumbnail","hentry","category-cidades"],"_links":{"self":[{"href":"https:\/\/roteironoticias.com.br\/index.php\/wp-json\/wp\/v2\/posts\/213085","targetHints":{"allow":["GET"]}}],"collection":[{"href":"https:\/\/roteironoticias.com.br\/index.php\/wp-json\/wp\/v2\/posts"}],"about":[{"href":"https:\/\/roteironoticias.com.br\/index.php\/wp-json\/wp\/v2\/types\/post"}],"author":[{"embeddable":true,"href":"https:\/\/roteironoticias.com.br\/index.php\/wp-json\/wp\/v2\/users\/2"}],"replies":[{"embeddable":true,"href":"https:\/\/roteironoticias.com.br\/index.php\/wp-json\/wp\/v2\/comments?post=213085"}],"version-history":[{"count":1,"href":"https:\/\/roteironoticias.com.br\/index.php\/wp-json\/wp\/v2\/posts\/213085\/revisions"}],"predecessor-version":[{"id":213087,"href":"https:\/\/roteironoticias.com.br\/index.php\/wp-json\/wp\/v2\/posts\/213085\/revisions\/213087"}],"wp:featuredmedia":[{"embeddable":true,"href":"https:\/\/roteironoticias.com.br\/index.php\/wp-json\/wp\/v2\/media\/213086"}],"wp:attachment":[{"href":"https:\/\/roteironoticias.com.br\/index.php\/wp-json\/wp\/v2\/media?parent=213085"}],"wp:term":[{"taxonomy":"category","embeddable":true,"href":"https:\/\/roteironoticias.com.br\/index.php\/wp-json\/wp\/v2\/categories?post=213085"},{"taxonomy":"post_tag","embeddable":true,"href":"https:\/\/roteironoticias.com.br\/index.php\/wp-json\/wp\/v2\/tags?post=213085"}],"curies":[{"name":"wp","href":"https:\/\/api.w.org\/{rel}","templated":true}]}}