{"id":213082,"date":"2026-08-30T07:59:22","date_gmt":"2026-08-30T10:59:22","guid":{"rendered":"https:\/\/roteironoticias.com.br\/?p=213082"},"modified":"2026-08-30T07:59:25","modified_gmt":"2026-08-30T10:59:25","slug":"suspeito-de-estuprar-adolescente-em-analandia-morre-em-confronto-com-policiais-comparsa-e-preso-em-sinop","status":"publish","type":"post","link":"https:\/\/roteironoticias.com.br\/index.php\/2026\/08\/30\/suspeito-de-estuprar-adolescente-em-analandia-morre-em-confronto-com-policiais-comparsa-e-preso-em-sinop\/","title":{"rendered":"Suspeito de estuprar adolescente em Anal\u00e2ndia morre em confronto com policiais; comparsa \u00e9 preso em Sinop"},"content":{"rendered":"\n<p class=\"wp-block-paragraph\">O homem, de 38 anos, foi morto em confronto com policiais militares, na  madrugada de s\u00e1bado (29\/08), durante ocorr\u00eancia envolvendo c\u00e1rcere privado, estupro e roubo, no distrito de Anal\u00e2ndia, pertencente a Marcel\u00e2ndia\/MT, (164 quil\u00f4metros de Sinop). Conforme a Pol\u00edcia Militar, o suspeito estava armado e teria intimado a equipe durante a abordagem.<\/p>\n\n\n\n<p class=\"wp-block-paragraph\">A PM foi acionada por uma mulher que relatou ter sido mantida em cativeiro, juntamente com a filha, de 13 anos. Segundo o relato, dois homens teriam ido at\u00e9 a resid\u00eancia no dia anterior, sob o pretexto de solicitar acesso \u00e0 internet Wi-Fi, e permaneceram no local. No dia seguinte, conforme a v\u00edtima, os dois homens teriam restringido a liberdade dela e da filha.<\/p>\n\n\n\n<p class=\"wp-block-paragraph\">Um dos suspeitos teria exigido que a mulher fosse at\u00e9 a cidade para conseguir dinheiro, enquanto a adolescente permanecia na resid\u00eancia. Durante a aus\u00eancia da m\u00e3e, segundo o relato, a menina teria sido v\u00edtima de estupro. Ap\u00f3s conseguir deixar as imedia\u00e7\u00f5es, a mulher procurou imediatamente o pelot\u00e3o da Pol\u00edcia Militar local e detalhou todo o ocorrido.<\/p>\n\n\n\n<p class=\"wp-block-paragraph\">Uma equipe foi at\u00e9 o distrito para verificar a situa\u00e7\u00e3o e localizou o homem, de 31 anos, nas proximidades de uma \u00e1rea de mata. Ao perceber a aproxima\u00e7\u00e3o dos policiais, ele fugiu para a vegeta\u00e7\u00e3o levando o celular da v\u00edtima. Durante as buscas, os policiais localizaram o outro, que estaria arrumando seus pertences seus pertences&nbsp; e estava com uma garrucha calibre .22.<\/p>\n\n\n\n<p class=\"wp-block-paragraph\">Ao notar a presen\u00e7a dos militares, os amea\u00e7ou com a referida arma e acabou sendo baleado. Os pr\u00f3prios policiais prestaram socorro e encaminharam o homem para atendimento m\u00e9dico, mas ele n\u00e3o resistiu aos ferimentos. O outro acusado chegou a fugir para Sinop, ap\u00f3s &nbsp;fazer um taxista de ref\u00e9m, mas acabou sendo interceptado pelas autoridades, que o encaminharam \u00e0 delegacia.<\/p>\n\n\n\n<p class=\"wp-block-paragraph\">A Pol\u00edcia Civil dever\u00e1 investigar as circunst\u00e2ncias dos crimes relatados pelas v\u00edtimas e da morte do outro suspeito durante a ocorr\u00eancia.<\/p>\n","protected":false},"excerpt":{"rendered":"<p>O homem, de 38 anos, foi morto em confronto com policiais militares, na madrugada de<\/p>\n","protected":false},"author":2,"featured_media":213083,"comment_status":"closed","ping_status":"open","sticky":false,"template":"","format":"standard","meta":{"footnotes":""},"categories":[12],"tags":[],"class_list":["post-213082","post","type-post","status-publish","format-standard","has-post-thumbnail","hentry","category-justica"],"_links":{"self":[{"href":"https:\/\/roteironoticias.com.br\/index.php\/wp-json\/wp\/v2\/posts\/213082","targetHints":{"allow":["GET"]}}],"collection":[{"href":"https:\/\/roteironoticias.com.br\/index.php\/wp-json\/wp\/v2\/posts"}],"about":[{"href":"https:\/\/roteironoticias.com.br\/index.php\/wp-json\/wp\/v2\/types\/post"}],"author":[{"embeddable":true,"href":"https:\/\/roteironoticias.com.br\/index.php\/wp-json\/wp\/v2\/users\/2"}],"replies":[{"embeddable":true,"href":"https:\/\/roteironoticias.com.br\/index.php\/wp-json\/wp\/v2\/comments?post=213082"}],"version-history":[{"count":1,"href":"https:\/\/roteironoticias.com.br\/index.php\/wp-json\/wp\/v2\/posts\/213082\/revisions"}],"predecessor-version":[{"id":213084,"href":"https:\/\/roteironoticias.com.br\/index.php\/wp-json\/wp\/v2\/posts\/213082\/revisions\/213084"}],"wp:featuredmedia":[{"embeddable":true,"href":"https:\/\/roteironoticias.com.br\/index.php\/wp-json\/wp\/v2\/media\/213083"}],"wp:attachment":[{"href":"https:\/\/roteironoticias.com.br\/index.php\/wp-json\/wp\/v2\/media?parent=213082"}],"wp:term":[{"taxonomy":"category","embeddable":true,"href":"https:\/\/roteironoticias.com.br\/index.php\/wp-json\/wp\/v2\/categories?post=213082"},{"taxonomy":"post_tag","embeddable":true,"href":"https:\/\/roteironoticias.com.br\/index.php\/wp-json\/wp\/v2\/tags?post=213082"}],"curies":[{"name":"wp","href":"https:\/\/api.w.org\/{rel}","templated":true}]}}